{"id":284,"date":"2025-07-07T02:10:11","date_gmt":"2025-07-07T02:10:11","guid":{"rendered":"https:\/\/onortedegoias.com.br\/camaraemacao\/?p=284"},"modified":"2025-07-07T02:36:08","modified_gmt":"2025-07-07T02:36:08","slug":"em-brasilia-presidente-da-camara-acompanha-processo-de-implantacao-da-primeira-tv-legislativa-digital-de-minacu","status":"publish","type":"post","link":"https:\/\/onortedegoias.com.br\/camaraemacao\/em-brasilia-presidente-da-camara-acompanha-processo-de-implantacao-da-primeira-tv-legislativa-digital-de-minacu\/","title":{"rendered":"Em Bras\u00edlia, presidente da C\u00e2mara acompanha processo de implanta\u00e7\u00e3o da primeira TV Legislativa Digital de Mina\u00e7u"},"content":{"rendered":"\n<p>A presidente da C\u00e2mara Municipal de Mina\u00e7u, vereadora Gilvania Marcia, participou nesta quinta-feira, 03. do Encontro da Rede Legislativa de R\u00e1dio e TV 2025 \u2013 Expans\u00e3o e Futuro, realizado na C\u00e2mara dos Deputados, em Bras\u00edlia. O evento reuniu presidentes de C\u00e2mara de munic\u00edpios brasileiros que, assim como Mina\u00e7u, foram contemplados com a chegada de sua primeira emissora p\u00fablica, al\u00e9m de especialistas, t\u00e9cnicos e autoridades envolvidas no processo de concess\u00e3o e outorga do sinal de TV 3.0.<\/p>\n\n\n\n<p>Na capital federal, Gilvania tem liderado uma s\u00e9rie de esfor\u00e7os para acelerar o processo de implementa\u00e7\u00e3o da TV Legislativa, que contar\u00e1 com uma grade intercalada entre a rede C\u00e2mara e a TV C\u00e2mara local, com transmiss\u00f5es das sess\u00f5es ao vivo, e ao longo do dia, programas voltados ao conte\u00fados inerentes \u00e0 informa\u00e7\u00e3o e ao dia-a-dia dos mina\u00e7uenses.<\/p>\n\n\n\n<p>Em Bras\u00edlia, a presidente j\u00e1 realizou uma maratona de reuni\u00f5es, do Minist\u00e9rio das Comunica\u00e7\u00f5es ao n\u00facleo de diretores da TV C\u00e2mara, e tem constru\u00eddo rela\u00e7\u00f5es com os atores diretamente ligados ao programa de expans\u00e3o da rede.<\/p>\n\n\n\n<p>\u201c\u00c9 uma oportunidade hist\u00f3rica para Mina\u00e7u que pela primeira vez est\u00e1 no centro de uma programa de democratizao tecnol\u00f3gica da informa\u00e7\u00e3o, com alta qualidade de transmiss\u00e3o. Estamos trabalhando para garantir que nossa popula\u00e7\u00e3o tenha acesso direto ao que acontece na cidade com qualidade e identidade pr\u00f3pria\u201d, afirmou Gilvania.<\/p>\n\n\n\n<p>Durante o evento, especialistas apontaram que a implanta\u00e7\u00e3o da TV 3.0 representa um avan\u00e7o significativo no alcance e na personaliza\u00e7\u00e3o da programa\u00e7\u00e3o legislativa. A diretora da TV C\u00e2mara, Daniela Andr\u00e9, afirmou que a Rede Legislativa j\u00e1 opera mais de 1.600 esta\u00e7\u00f5es de TV, alcan\u00e7ando cerca de 128 milh\u00f5es de brasileiros. Para Gilvania, a integra\u00e7\u00e3o de Mina\u00e7u a esse sistema \u00e9 uma oportunidade de integra\u00e7\u00e3o nacional.<\/p>\n\n\n\n<p>\u00c0 imprensa, Gilv\u00e2nia destacou o que de fato \u00e9 preponderante nesse processo. \u201cNosso objetivo \u00e9 colocar Mina\u00e7u no mapa da comunica\u00e7\u00e3o p\u00fablica, ampliando a participa\u00e7\u00e3o popular e valorizando nossa identidade cultural, politica e regional\u201d, concluiu.<\/p>\n\n\n\n<figure class=\"wp-block-image size-large\"><img fetchpriority=\"high\" decoding=\"async\" width=\"768\" height=\"1024\" src=\"https:\/\/onortedegoias.com.br\/camaraemacao\/wp-content\/uploads\/2025\/07\/image-768x1024.png\" alt=\"\" class=\"wp-image-285\" srcset=\"https:\/\/onortedegoias.com.br\/camaraemacao\/wp-content\/uploads\/2025\/07\/image-768x1024.png 768w, https:\/\/onortedegoias.com.br\/camaraemacao\/wp-content\/uploads\/2025\/07\/image-225x300.png 225w, https:\/\/onortedegoias.com.br\/camaraemacao\/wp-content\/uploads\/2025\/07\/image-1152x1536.png 1152w, https:\/\/onortedegoias.com.br\/camaraemacao\/wp-content\/uploads\/2025\/07\/image.png 1440w\" sizes=\"(max-width: 768px) 100vw, 768px\" \/><\/figure>\n\n\n\n<figure class=\"wp-block-image size-full\"><img decoding=\"async\" width=\"768\" height=\"1024\" src=\"https:\/\/onortedegoias.com.br\/camaraemacao\/wp-content\/uploads\/2025\/07\/image-1.png\" alt=\"\" class=\"wp-image-286\" srcset=\"https:\/\/onortedegoias.com.br\/camaraemacao\/wp-content\/uploads\/2025\/07\/image-1.png 768w, https:\/\/onortedegoias.com.br\/camaraemacao\/wp-content\/uploads\/2025\/07\/image-1-225x300.png 225w\" sizes=\"(max-width: 768px) 100vw, 768px\" \/><\/figure>\n\n\n\n<figure class=\"wp-block-image size-full\"><img decoding=\"async\" width=\"768\" height=\"1024\" src=\"https:\/\/onortedegoias.com.br\/camaraemacao\/wp-content\/uploads\/2025\/07\/image-2.png\" alt=\"\" class=\"wp-image-287\" srcset=\"https:\/\/onortedegoias.com.br\/camaraemacao\/wp-content\/uploads\/2025\/07\/image-2.png 768w, https:\/\/onortedegoias.com.br\/camaraemacao\/wp-content\/uploads\/2025\/07\/image-2-225x300.png 225w\" sizes=\"(max-width: 768px) 100vw, 768px\" \/><\/figure>\n\n\n\n<figure class=\"wp-block-image size-full\"><img loading=\"lazy\" decoding=\"async\" width=\"768\" height=\"1008\" src=\"https:\/\/onortedegoias.com.br\/camaraemacao\/wp-content\/uploads\/2025\/07\/image-3.png\" alt=\"\" class=\"wp-image-288\" srcset=\"https:\/\/onortedegoias.com.br\/camaraemacao\/wp-content\/uploads\/2025\/07\/image-3.png 768w, https:\/\/onortedegoias.com.br\/camaraemacao\/wp-content\/uploads\/2025\/07\/image-3-229x300.png 229w\" sizes=\"(max-width: 768px) 100vw, 768px\" \/><\/figure>\n\n\n\n<figure class=\"wp-block-image size-full\"><img loading=\"lazy\" decoding=\"async\" width=\"764\" height=\"1024\" src=\"https:\/\/onortedegoias.com.br\/camaraemacao\/wp-content\/uploads\/2025\/07\/image-4.png\" alt=\"\" class=\"wp-image-289\" srcset=\"https:\/\/onortedegoias.com.br\/camaraemacao\/wp-content\/uploads\/2025\/07\/image-4.png 764w, https:\/\/onortedegoias.com.br\/camaraemacao\/wp-content\/uploads\/2025\/07\/image-4-224x300.png 224w\" sizes=\"(max-width: 764px) 100vw, 764px\" \/><\/figure>\n\n\n\n<figure class=\"wp-block-image size-full\"><img loading=\"lazy\" decoding=\"async\" width=\"768\" height=\"1024\" src=\"https:\/\/onortedegoias.com.br\/camaraemacao\/wp-content\/uploads\/2025\/07\/image-5.png\" alt=\"\" class=\"wp-image-290\" srcset=\"https:\/\/onortedegoias.com.br\/camaraemacao\/wp-content\/uploads\/2025\/07\/image-5.png 768w, https:\/\/onortedegoias.com.br\/camaraemacao\/wp-content\/uploads\/2025\/07\/image-5-225x300.png 225w\" sizes=\"(max-width: 768px) 100vw, 768px\" \/><\/figure>\n\n\n\n<figure class=\"wp-block-image size-full\"><img loading=\"lazy\" decoding=\"async\" width=\"768\" height=\"1024\" src=\"https:\/\/onortedegoias.com.br\/camaraemacao\/wp-content\/uploads\/2025\/07\/image-6.png\" alt=\"\" class=\"wp-image-291\" srcset=\"https:\/\/onortedegoias.com.br\/camaraemacao\/wp-content\/uploads\/2025\/07\/image-6.png 768w, https:\/\/onortedegoias.com.br\/camaraemacao\/wp-content\/uploads\/2025\/07\/image-6-225x300.png 225w\" sizes=\"(max-width: 768px) 100vw, 768px\" \/><\/figure>\n","protected":false},"excerpt":{"rendered":"<p>A presidente da C\u00e2mara Municipal de Mina\u00e7u, vereadora Gilvania Marcia, participou nesta quinta-feira, 03. do Encontro da Rede Legislativa de R\u00e1dio e TV 2025 \u2013 Expans\u00e3o e Futuro, realizado na C\u00e2mara dos Deputados, em Bras\u00edlia. O evento reuniu presidentes de C\u00e2mara de munic\u00edpios brasileiros que, assim como Mina\u00e7u, foram contemplados com a chegada de sua [&hellip;]<\/p>\n","protected":false},"author":1,"featured_media":292,"comment_status":"open","ping_status":"open","sticky":false,"template":"","format":"standard","meta":{"pagelayer_contact_templates":[],"_pagelayer_content":"","footnotes":""},"categories":[9],"tags":[],"class_list":["post-284","post","type-post","status-publish","format-standard","has-post-thumbnail","hentry","category-destaques-da-semana"],"_links":{"self":[{"href":"https:\/\/onortedegoias.com.br\/camaraemacao\/wp-json\/wp\/v2\/posts\/284","targetHints":{"allow":["GET"]}}],"collection":[{"href":"https:\/\/onortedegoias.com.br\/camaraemacao\/wp-json\/wp\/v2\/posts"}],"about":[{"href":"https:\/\/onortedegoias.com.br\/camaraemacao\/wp-json\/wp\/v2\/types\/post"}],"author":[{"embeddable":true,"href":"https:\/\/onortedegoias.com.br\/camaraemacao\/wp-json\/wp\/v2\/users\/1"}],"replies":[{"embeddable":true,"href":"https:\/\/onortedegoias.com.br\/camaraemacao\/wp-json\/wp\/v2\/comments?post=284"}],"version-history":[{"count":1,"href":"https:\/\/onortedegoias.com.br\/camaraemacao\/wp-json\/wp\/v2\/posts\/284\/revisions"}],"predecessor-version":[{"id":293,"href":"https:\/\/onortedegoias.com.br\/camaraemacao\/wp-json\/wp\/v2\/posts\/284\/revisions\/293"}],"wp:featuredmedia":[{"embeddable":true,"href":"https:\/\/onortedegoias.com.br\/camaraemacao\/wp-json\/wp\/v2\/media\/292"}],"wp:attachment":[{"href":"https:\/\/onortedegoias.com.br\/camaraemacao\/wp-json\/wp\/v2\/media?parent=284"}],"wp:term":[{"taxonomy":"category","embeddable":true,"href":"https:\/\/onortedegoias.com.br\/camaraemacao\/wp-json\/wp\/v2\/categories?post=284"},{"taxonomy":"post_tag","embeddable":true,"href":"https:\/\/onortedegoias.com.br\/camaraemacao\/wp-json\/wp\/v2\/tags?post=284"}],"curies":[{"name":"wp","href":"https:\/\/api.w.org\/{rel}","templated":true}]}}