{"id":354,"date":"2025-07-07T02:48:07","date_gmt":"2025-07-07T02:48:07","guid":{"rendered":"https:\/\/onortedegoias.com.br\/camaraemacao\/?p=354"},"modified":"2025-07-07T02:48:31","modified_gmt":"2025-07-07T02:48:31","slug":"com-uma-extensa-folha-de-servicos-prestados-a-minacu-o-promotor-renato-teatini-deixa-promotoria-do-municipio","status":"publish","type":"post","link":"https:\/\/onortedegoias.com.br\/camaraemacao\/com-uma-extensa-folha-de-servicos-prestados-a-minacu-o-promotor-renato-teatini-deixa-promotoria-do-municipio\/","title":{"rendered":"Com uma extensa folha de servi\u00e7os prestados a Mina\u00e7u, o promotor Renato Teatini deixa Promotoria do munic\u00edpio"},"content":{"rendered":"\n<p>O promotor de Justi\u00e7a de Mina\u00e7u, &nbsp;disse na tribuna da C\u00e2mara de Vereadores, nesta segunda-feira, 02, que se despede da cidade ap\u00f3s 4 anos de dedica\u00e7\u00e3o \u00e0 Justi\u00e7a do munic\u00edpio. Ele dever\u00e1 ser transferido para o entorno do Distrito Federal, precisamente para a Cidade Ocidental. Na ocasi\u00e3o, o promotor recebeu o t\u00edtulo de Cidad\u00e3o Mina\u00e7uense pelos relevantes servi\u00e7os prestados \u00e0 cidade.<\/p>\n\n\n\n<p>Renato se disse emocionado ao receber a honraria e afirmou do carinho que sente pela popula\u00e7\u00e3o de Mina\u00e7u, mencionando que guardar\u00e1 esse momento por toda a vida.<\/p>\n\n\n\n<p>Renato agradeceu \u00e0 vereadora Gilv\u00e2nia M\u00e1rcia pela sensibilidade, desprendimento e senso de responsabilidade em rela\u00e7\u00e3o \u00e0s causas mais sens\u00edveis da comunidade.<\/p>\n\n\n\n<p>Defensor intransigente da crian\u00e7a, do meio ambiente, entre outras pautas, Renato Teatini foi um dos principais interlocutores e apoiadores de projetos que visam a prote\u00e7\u00e3o da mulher, como o programa Mulheres Protegidas. Teatini conseguiu imprimir uma trajet\u00f3ria de dedica\u00e7\u00e3o, cria\u00e7\u00e3o de alternativas e constru\u00e7\u00e3o de projetos cujo alvo s\u00e3o mulheres em ciclo de viol\u00eancia.<\/p>\n\n\n\n<p>Com fun\u00e7\u00f5es distintas, por\u00e9m conectadas, tanto a C\u00e2mara quanto a Promotorias assumiu de forma muito respons\u00e1vel a fun\u00e7\u00e3o de atender, ouvir, proteger e encaminhar cada necessidade, com o m\u00e1ximo respeito \u00e0 prote\u00e7\u00e3o da identidade da v\u00edtima, dos filhos e, inclusive, do pr\u00f3prio agressor, nos casos de viol\u00eancia dom\u00e9stica.<\/p>\n\n\n\n<figure class=\"wp-block-image size-full\"><img fetchpriority=\"high\" decoding=\"async\" width=\"936\" height=\"1024\" src=\"https:\/\/onortedegoias.com.br\/camaraemacao\/wp-content\/uploads\/2025\/07\/image-22.png\" alt=\"\" class=\"wp-image-355\" srcset=\"https:\/\/onortedegoias.com.br\/camaraemacao\/wp-content\/uploads\/2025\/07\/image-22.png 936w, https:\/\/onortedegoias.com.br\/camaraemacao\/wp-content\/uploads\/2025\/07\/image-22-274x300.png 274w, https:\/\/onortedegoias.com.br\/camaraemacao\/wp-content\/uploads\/2025\/07\/image-22-768x840.png 768w\" sizes=\"(max-width: 936px) 100vw, 936px\" \/><\/figure>\n\n\n\n<h4 class=\"wp-block-heading\">Marcus Henrique Pires Dias<\/h4>\n\n\n\n<blockquote class=\"wp-block-quote is-layout-flow wp-block-quote-is-layout-flow\">\n<p>Marcus Dias, \u00e9 CEO do Portal NG, e colaborador de edi\u00e7\u00f5es. \u00c9 especialista em Marketing e engajamento de m\u00eddias digitais.<\/p>\n<\/blockquote>\n","protected":false},"excerpt":{"rendered":"<p>O promotor de Justi\u00e7a de Mina\u00e7u, &nbsp;disse na tribuna da C\u00e2mara de Vereadores, nesta segunda-feira, 02, que se despede da cidade ap\u00f3s 4 anos de dedica\u00e7\u00e3o \u00e0 Justi\u00e7a do munic\u00edpio. Ele dever\u00e1 ser transferido para o entorno do Distrito Federal, precisamente para a Cidade Ocidental. Na ocasi\u00e3o, o promotor recebeu o t\u00edtulo de Cidad\u00e3o Mina\u00e7uense [&hellip;]<\/p>\n","protected":false},"author":1,"featured_media":357,"comment_status":"open","ping_status":"open","sticky":false,"template":"","format":"standard","meta":{"pagelayer_contact_templates":[],"_pagelayer_content":"","footnotes":""},"categories":[8],"tags":[],"class_list":["post-354","post","type-post","status-publish","format-standard","has-post-thumbnail","hentry","category-ultimas-noticias"],"_links":{"self":[{"href":"https:\/\/onortedegoias.com.br\/camaraemacao\/wp-json\/wp\/v2\/posts\/354","targetHints":{"allow":["GET"]}}],"collection":[{"href":"https:\/\/onortedegoias.com.br\/camaraemacao\/wp-json\/wp\/v2\/posts"}],"about":[{"href":"https:\/\/onortedegoias.com.br\/camaraemacao\/wp-json\/wp\/v2\/types\/post"}],"author":[{"embeddable":true,"href":"https:\/\/onortedegoias.com.br\/camaraemacao\/wp-json\/wp\/v2\/users\/1"}],"replies":[{"embeddable":true,"href":"https:\/\/onortedegoias.com.br\/camaraemacao\/wp-json\/wp\/v2\/comments?post=354"}],"version-history":[{"count":1,"href":"https:\/\/onortedegoias.com.br\/camaraemacao\/wp-json\/wp\/v2\/posts\/354\/revisions"}],"predecessor-version":[{"id":356,"href":"https:\/\/onortedegoias.com.br\/camaraemacao\/wp-json\/wp\/v2\/posts\/354\/revisions\/356"}],"wp:featuredmedia":[{"embeddable":true,"href":"https:\/\/onortedegoias.com.br\/camaraemacao\/wp-json\/wp\/v2\/media\/357"}],"wp:attachment":[{"href":"https:\/\/onortedegoias.com.br\/camaraemacao\/wp-json\/wp\/v2\/media?parent=354"}],"wp:term":[{"taxonomy":"category","embeddable":true,"href":"https:\/\/onortedegoias.com.br\/camaraemacao\/wp-json\/wp\/v2\/categories?post=354"},{"taxonomy":"post_tag","embeddable":true,"href":"https:\/\/onortedegoias.com.br\/camaraemacao\/wp-json\/wp\/v2\/tags?post=354"}],"curies":[{"name":"wp","href":"https:\/\/api.w.org\/{rel}","templated":true}]}}