{"id":358,"date":"2025-07-07T02:51:04","date_gmt":"2025-07-07T02:51:04","guid":{"rendered":"https:\/\/onortedegoias.com.br\/camaraemacao\/?p=358"},"modified":"2025-07-07T02:51:04","modified_gmt":"2025-07-07T02:51:04","slug":"a-convite-do-congresso-gilvania-marcia-discursa-nesta-terca-sobre-violencia-contra-a-mulher-em-brasilia-evento-reune-autoridades-nacionais","status":"publish","type":"post","link":"https:\/\/onortedegoias.com.br\/camaraemacao\/a-convite-do-congresso-gilvania-marcia-discursa-nesta-terca-sobre-violencia-contra-a-mulher-em-brasilia-evento-reune-autoridades-nacionais\/","title":{"rendered":"A convite do Congresso, Gilvania M\u00e1rcia discursa nesta ter\u00e7a sobre viol\u00eancia contra a mulher em Bras\u00edlia; evento re\u00fane autoridades nacionais"},"content":{"rendered":"\n<p><strong>A convite da bancada feminina no Congresso, a presidente da C\u00e2mara de Mina\u00e7u, Gilv\u00e2nia M\u00e1rcia (PSDB), discursar\u00e1 durante o&nbsp;<\/strong>5\u00ba Encontro Nacional das Procuradoras da Mulher. O evento acontece no audit\u00f3rio principal da C\u00e2mara e deve movimentar as duas Casas durante todo o dia. O evento reunir\u00e1 vereadoras, deputadas estaduais e federais, e senadoras que integram a Rede Nacional de Procuradoras da Mulher, iniciativa voltada ao fortalecimento e \u00e0 articula\u00e7\u00e3o das Procuradorias da Mulher no Legislativo.<\/p>\n\n\n\n<figure class=\"wp-block-image size-large\"><img fetchpriority=\"high\" decoding=\"async\" width=\"1024\" height=\"441\" src=\"https:\/\/onortedegoias.com.br\/camaraemacao\/wp-content\/uploads\/2025\/07\/image-23-1024x441.png\" alt=\"\" class=\"wp-image-360\" srcset=\"https:\/\/onortedegoias.com.br\/camaraemacao\/wp-content\/uploads\/2025\/07\/image-23-1024x441.png 1024w, https:\/\/onortedegoias.com.br\/camaraemacao\/wp-content\/uploads\/2025\/07\/image-23-300x129.png 300w, https:\/\/onortedegoias.com.br\/camaraemacao\/wp-content\/uploads\/2025\/07\/image-23-768x331.png 768w, https:\/\/onortedegoias.com.br\/camaraemacao\/wp-content\/uploads\/2025\/07\/image-23.png 1536w\" sizes=\"(max-width: 1024px) 100vw, 1024px\" \/><\/figure>\n\n\n\n<p>No mesmo p\u00falpito onde Gilv\u00e2nia discursar\u00e1 durante 10 minutos, passar\u00e3o autoridades como o presidente da C\u00e2mara&nbsp;<strong>Hugo Mota<\/strong>, a ministra do STF,&nbsp;<strong>Carmem L\u00facia<\/strong>, a ministra do STM,&nbsp;<strong>Elizabeth Roch<\/strong>, a vice-governadora do DF,&nbsp;<strong>Celina Le\u00e3o<\/strong>, a procurada da Mulher na C\u00e2mara, deputada&nbsp;<strong>Soraya Santos<\/strong>, e a secret\u00e1ria da Mulher e ex-governadora do Rio de Janeiro,&nbsp;<strong>Benedita da Silva<\/strong>. Pelo cronograma divulgado pela C\u00e2mara, Gilvania dever\u00e1 compor o dispositivo de autoridades e o discurso acontece por volta das 14h.<\/p>\n\n\n\n<p>A TV C\u00e2mara transmitir\u00e1, em rede nacional, todo o evento. E voc\u00ea pode acompanhar ao vivo atrav\u00e9s do link:&nbsp;<a href=\"https:\/\/www.camara.leg.br\/evento-legislativo\/75451\" target=\"_blank\" rel=\"noreferrer noopener\">https:\/\/www.camara.leg.br\/evento-legislativo\/75451<\/a><\/p>\n\n\n\n<p>A Rede Nacional de Procuradorias da Mulher tem como objetivo promover a integra\u00e7\u00e3o das a\u00e7\u00f5es de prote\u00e7\u00e3o e defesa dos direitos das mulheres, coordenadas pelas procuradorias da mulher do Congresso Nacional, dos estados, do Distrito Federal e dos munic\u00edpios. Al\u00e9m disso, busca incentivar a cria\u00e7\u00e3o e o fortalecimento desses \u00f3rg\u00e3os em todo o pa\u00eds, contribuindo para ampliar a representatividade feminina no cen\u00e1rio pol\u00edtico e institucional.<\/p>\n\n\n\n<p>A atividade faz parte da programa\u00e7\u00e3o da Campanha Mar\u00e7o Mulher, dedicada a celebrar o m\u00eas e o Dia Internacional da Mulher, comemorado em 8 de mar\u00e7o.<\/p>\n\n\n\n<h4 class=\"wp-block-heading\"><strong>Cerimonial<\/strong><\/h4>\n\n\n\n<p>A presidente da C\u00e2mara de Mina\u00e7u, Gilvania M\u00e1rcia, dever\u00e1 proferir seu pronunciamento, da ordem de 10 minutos, por volta de 14h. Em seguida, ela comp\u00f5e o dispositivo de debates sobre \u201cCoopera\u00e7\u00e3o entre os \u00d3rg\u00e3os e Trabalho em Rede\u201d. Neste painel, participam, al\u00e9m de Gilv\u00e2nia, a diretora do Sebrae Nacional, Margarete Coelho, a conselheira do Conselho Nacional de Justi\u00e7a \u2013 CNJ, Daiane Nogueira de Lira, a Secret\u00e1ria de Estado da Mulher do Paran\u00e1, Leandre Dal Ponte e a deputada federal Tia Ju \u2013 Presidente da UNALE \u2013 Uni\u00e3o Nacional dos Legisladores e Legislativos Estaduais. A media\u00e7\u00e3o ficar\u00e1 por conta da deputada federal, Maria Rosas.<\/p>\n\n\n\n<figure class=\"wp-block-image size-full\"><img decoding=\"async\" width=\"768\" height=\"480\" src=\"https:\/\/onortedegoias.com.br\/camaraemacao\/wp-content\/uploads\/2025\/07\/image-24.png\" alt=\"\" class=\"wp-image-361\" srcset=\"https:\/\/onortedegoias.com.br\/camaraemacao\/wp-content\/uploads\/2025\/07\/image-24.png 768w, https:\/\/onortedegoias.com.br\/camaraemacao\/wp-content\/uploads\/2025\/07\/image-24-300x188.png 300w\" sizes=\"(max-width: 768px) 100vw, 768px\" \/><\/figure>\n\n\n\n<p>O ponto central desse painel ser\u00e1 a import\u00e2ncia da uni\u00e3o entre \u00f3rg\u00e3os dos poderes, como por exemplo, Prefeituras, C\u00e2maras, Comarcas, no sentido de garantir uma rede integrada de apoio \u00e0 mulher, sobretudo, no combate a viol\u00eancia e amparo \u00e0s vitimas. \u00a0\u00a0o que exatamente serve de espelho o programa \u201cMulheres Protegidas\u201d em Mina\u00e7u.<\/p>\n\n\n\n<h4 class=\"wp-block-heading\">Marcus Henrique Pires Dias<\/h4>\n\n\n\n<p>Marcus Dias, \u00e9 CEO do Portal NG, e colaborador de edi\u00e7\u00f5es. \u00c9 especialista em Marketing e engajamento de m\u00eddias digitais.<\/p>\n\n\n\n<p><\/p>\n","protected":false},"excerpt":{"rendered":"<p>A convite da bancada feminina no Congresso, a presidente da C\u00e2mara de Mina\u00e7u, Gilv\u00e2nia M\u00e1rcia (PSDB), discursar\u00e1 durante o&nbsp;5\u00ba Encontro Nacional das Procuradoras da Mulher. O evento acontece no audit\u00f3rio principal da C\u00e2mara e deve movimentar as duas Casas durante todo o dia. O evento reunir\u00e1 vereadoras, deputadas estaduais e federais, e senadoras que integram [&hellip;]<\/p>\n","protected":false},"author":1,"featured_media":359,"comment_status":"open","ping_status":"open","sticky":false,"template":"","format":"standard","meta":{"pagelayer_contact_templates":[],"_pagelayer_content":"","footnotes":""},"categories":[8],"tags":[],"class_list":["post-358","post","type-post","status-publish","format-standard","has-post-thumbnail","hentry","category-ultimas-noticias"],"_links":{"self":[{"href":"https:\/\/onortedegoias.com.br\/camaraemacao\/wp-json\/wp\/v2\/posts\/358","targetHints":{"allow":["GET"]}}],"collection":[{"href":"https:\/\/onortedegoias.com.br\/camaraemacao\/wp-json\/wp\/v2\/posts"}],"about":[{"href":"https:\/\/onortedegoias.com.br\/camaraemacao\/wp-json\/wp\/v2\/types\/post"}],"author":[{"embeddable":true,"href":"https:\/\/onortedegoias.com.br\/camaraemacao\/wp-json\/wp\/v2\/users\/1"}],"replies":[{"embeddable":true,"href":"https:\/\/onortedegoias.com.br\/camaraemacao\/wp-json\/wp\/v2\/comments?post=358"}],"version-history":[{"count":1,"href":"https:\/\/onortedegoias.com.br\/camaraemacao\/wp-json\/wp\/v2\/posts\/358\/revisions"}],"predecessor-version":[{"id":362,"href":"https:\/\/onortedegoias.com.br\/camaraemacao\/wp-json\/wp\/v2\/posts\/358\/revisions\/362"}],"wp:featuredmedia":[{"embeddable":true,"href":"https:\/\/onortedegoias.com.br\/camaraemacao\/wp-json\/wp\/v2\/media\/359"}],"wp:attachment":[{"href":"https:\/\/onortedegoias.com.br\/camaraemacao\/wp-json\/wp\/v2\/media?parent=358"}],"wp:term":[{"taxonomy":"category","embeddable":true,"href":"https:\/\/onortedegoias.com.br\/camaraemacao\/wp-json\/wp\/v2\/categories?post=358"},{"taxonomy":"post_tag","embeddable":true,"href":"https:\/\/onortedegoias.com.br\/camaraemacao\/wp-json\/wp\/v2\/tags?post=358"}],"curies":[{"name":"wp","href":"https:\/\/api.w.org\/{rel}","templated":true}]}}