{"id":363,"date":"2025-07-07T02:53:59","date_gmt":"2025-07-07T02:53:59","guid":{"rendered":"https:\/\/onortedegoias.com.br\/camaraemacao\/?p=363"},"modified":"2025-07-07T02:53:59","modified_gmt":"2025-07-07T02:53:59","slug":"em-brasilia-comitiva-de-minacu-da-pontape-inicial-em-projeto-de-instalacao-da-primeira-tv-digital-aberta-com-programacao-local","status":"publish","type":"post","link":"https:\/\/onortedegoias.com.br\/camaraemacao\/em-brasilia-comitiva-de-minacu-da-pontape-inicial-em-projeto-de-instalacao-da-primeira-tv-digital-aberta-com-programacao-local\/","title":{"rendered":"Em Brasilia, comitiva de Mina\u00e7u d\u00e1 pontap\u00e9 inicial em projeto de instala\u00e7\u00e3o da primeira TV Digital Aberta com programa\u00e7\u00e3o local"},"content":{"rendered":"\n<p>Uma comitiva liderada pela presidente da C\u00e2mara de Mina\u00e7u, Gilv\u00e2nia M\u00e1rcia, esteve em Brasilia, nesta quinta-feira, 27, numa s\u00e9rie de agendas, no Congresso, na TV C\u00e2mara e no Minist\u00e9rio das Comunica\u00e7\u00f5es; \u00f3rg\u00e3os governamentais que, neste momento, est\u00e3o alinhados ao projeto de instala\u00e7\u00e3o da primeira TV digital com programa\u00e7\u00e3o local em Mina\u00e7u.<\/p>\n\n\n\n<p>Ainda pela manh\u00e3, na TV C\u00e2mara, Gilv\u00e2nia assinou o Termo de Interesse P\u00fablico, primeiro passo para a tramita\u00e7\u00e3o do processo de outorga do canal, e recebeu das equipes t\u00e9cnicas, os procedimentos b\u00e1sicos &nbsp;para incorpora\u00e7\u00e3o de programas locais na grade emissora, que passar\u00e1 a ser disponibilizado a partir da instala\u00e7\u00e3o dos equipamentos \u2013 fruto do programa Brasil Digital \u2013 com o qual Mina\u00e7u foi contemplado ao lado de outras 9 cidades goianas.<\/p>\n\n\n\n<figure class=\"wp-block-image size-large\"><img fetchpriority=\"high\" decoding=\"async\" width=\"1024\" height=\"416\" src=\"https:\/\/onortedegoias.com.br\/camaraemacao\/wp-content\/uploads\/2025\/07\/image-25-1024x416.png\" alt=\"\" class=\"wp-image-365\" srcset=\"https:\/\/onortedegoias.com.br\/camaraemacao\/wp-content\/uploads\/2025\/07\/image-25-1024x416.png 1024w, https:\/\/onortedegoias.com.br\/camaraemacao\/wp-content\/uploads\/2025\/07\/image-25-300x122.png 300w, https:\/\/onortedegoias.com.br\/camaraemacao\/wp-content\/uploads\/2025\/07\/image-25-768x312.png 768w, https:\/\/onortedegoias.com.br\/camaraemacao\/wp-content\/uploads\/2025\/07\/image-25.png 1536w\" sizes=\"(max-width: 1024px) 100vw, 1024px\" \/><\/figure>\n\n\n\n<p>Ainda na TV C\u00e3mara, a &nbsp;comitiva se reuniu com as coordenadoras, Daniela Andr\u00e9 e Adriana Ancelmo. Na pauta, a programa\u00e7\u00e3o do novo canal. No Ministerio, a equipe se reuniu com a Diretora do Departamento de Comunica\u00e7\u00e3o P\u00fablica, Adriana Schethuino e o &nbsp;Chefe da Assessoria Especial de Assuntos Parlamentares e Federativos, Danilo Soares. Na pauta, os processos t\u00e9cnicos pelos quais a C\u00e2mara de Mina\u00e7u devera proceder nos pr\u00f3ximos meses para receber os equipamentos iniciais, ao posso que uma equipe do Ministerio vir\u00e1 a Mina\u00e7u para a analise t\u00e9cnica da atual antena de TV e do atual abrigo de equipamentos.<\/p>\n\n\n\n<p>A reuni\u00e3o foi solicitada pela C\u00e2mara de Vereadores de Mina\u00e7u, com apoio fundamental do deputado federal Jos\u00e9 Nelto, vice-l\u00edder do Governo,&nbsp; que, ao participar das reuni\u00f5es de forma remota, se comprometeu a reunir todos os esfor\u00e7os para acelerar o processo de outorga e transmiss\u00e3o da TV em Mina\u00e7u.<\/p>\n\n\n\n<figure class=\"wp-block-image size-full\"><img decoding=\"async\" width=\"768\" height=\"576\" src=\"https:\/\/onortedegoias.com.br\/camaraemacao\/wp-content\/uploads\/2025\/07\/image-26.png\" alt=\"\" class=\"wp-image-366\" srcset=\"https:\/\/onortedegoias.com.br\/camaraemacao\/wp-content\/uploads\/2025\/07\/image-26.png 768w, https:\/\/onortedegoias.com.br\/camaraemacao\/wp-content\/uploads\/2025\/07\/image-26-300x225.png 300w\" sizes=\"(max-width: 768px) 100vw, 768px\" \/><\/figure>\n\n\n\n<p>Para a presidente da C\u00e2mara de Mina\u00e7u, Gilv\u00e2nia M\u00e1rcia, o momento \u00e9 hist\u00f3rico para Mina\u00e7u, uma vez que representa a difus\u00e3o de um canal que aproxima a popula\u00e7\u00e3o das noticias e a\u00e7\u00f5es do seu pr\u00f3prio munic\u00edpio.<\/p>\n\n\n\n<p><strong>Imprensa<\/strong><\/p>\n\n\n\n<p>Durante toda a visita a Brasilia, a comitiva esteve no centro de uma cobertura jornalistica proposta pela TV C\u00e2mara, a fim de mostrar o protagonimso da cidade de Mina\u00e7u, e inspirar outras cidades contempladas. O programa ir\u00e1 ao ar nesta sexta-feira, 28.<\/p>\n\n\n\n<figure class=\"wp-block-image size-full\"><img decoding=\"async\" width=\"768\" height=\"576\" src=\"https:\/\/onortedegoias.com.br\/camaraemacao\/wp-content\/uploads\/2025\/07\/image-27.png\" alt=\"\" class=\"wp-image-367\" srcset=\"https:\/\/onortedegoias.com.br\/camaraemacao\/wp-content\/uploads\/2025\/07\/image-27.png 768w, https:\/\/onortedegoias.com.br\/camaraemacao\/wp-content\/uploads\/2025\/07\/image-27-300x225.png 300w\" sizes=\"(max-width: 768px) 100vw, 768px\" \/><\/figure>\n\n\n\n<p><strong>Brasil Digital<\/strong><\/p>\n\n\n\n<p>O Programa Brasil Digital contar\u00e1 com or\u00e7amento previsto no Novo PAC (Programa de Acelera\u00e7\u00e3o do Crescimento) para a compra e instala\u00e7\u00e3o dos equipamentos de transmiss\u00e3o para cerca de 250 munic\u00edpios a serem selecionados \u2013 sendo 9 goianos.<\/p>\n\n\n\n<p>O Minist\u00e9rio das Comunica\u00e7\u00f5es e a EAD\/Seja Digital ser\u00e3o os respons\u00e1veis por adquirir e instalar os equipamentos de transmiss\u00e3o (transmissores e antenas) dos canais de TV da Rede Legislativa e da EBC.<\/p>\n\n\n\n<figure class=\"wp-block-image size-full\"><img loading=\"lazy\" decoding=\"async\" width=\"768\" height=\"576\" src=\"https:\/\/onortedegoias.com.br\/camaraemacao\/wp-content\/uploads\/2025\/07\/image-28.png\" alt=\"\" class=\"wp-image-368\" srcset=\"https:\/\/onortedegoias.com.br\/camaraemacao\/wp-content\/uploads\/2025\/07\/image-28.png 768w, https:\/\/onortedegoias.com.br\/camaraemacao\/wp-content\/uploads\/2025\/07\/image-28-300x225.png 300w\" sizes=\"(max-width: 768px) 100vw, 768px\" \/><\/figure>\n\n\n\n<p>Participantes:<\/p>\n\n\n\n<p>Participaram da reuni\u00e3o, a presidente da C\u00e2mara Gilv\u00e2nia M\u00e1rcia; Marcus Lucius Alves de Sousa Filho, chefe de gabinete do deputado Jos\u00e9 Nelto; Derivan Cavalcante, coordenadora administrativa da C\u00e2mara de Mina\u00e7u, Benevald Costa e Maria Eduarda, da Comunica\u00e7\u00e3o, Murilo Ribeiro Velasco, do setor de finan\u00e7as da C\u00e2mara e Rodrigo Mendanha, representante da Prefeitura de Mina\u00e7u e autor da inscri\u00e7\u00e3o do munic\u00edpio no processo seletivo contemplado. Tamb\u00e9m participou da s\u00e9rie de reuni\u00f5es o jornalista deste Portal e assessor de comuncica\u00e7\u00e3o na C\u00e2mara, Danillo Neres.<\/p>\n\n\n\n<figure class=\"wp-block-image size-full\"><img loading=\"lazy\" decoding=\"async\" width=\"768\" height=\"576\" src=\"https:\/\/onortedegoias.com.br\/camaraemacao\/wp-content\/uploads\/2025\/07\/image-29.png\" alt=\"\" class=\"wp-image-369\" srcset=\"https:\/\/onortedegoias.com.br\/camaraemacao\/wp-content\/uploads\/2025\/07\/image-29.png 768w, https:\/\/onortedegoias.com.br\/camaraemacao\/wp-content\/uploads\/2025\/07\/image-29-300x225.png 300w\" sizes=\"(max-width: 768px) 100vw, 768px\" \/><\/figure>\n\n\n\n<p>Confira as imagens:<\/p>\n\n\n\n<figure class=\"wp-block-image size-full\"><img loading=\"lazy\" decoding=\"async\" width=\"768\" height=\"576\" src=\"https:\/\/onortedegoias.com.br\/camaraemacao\/wp-content\/uploads\/2025\/07\/image-30.png\" alt=\"\" class=\"wp-image-370\" srcset=\"https:\/\/onortedegoias.com.br\/camaraemacao\/wp-content\/uploads\/2025\/07\/image-30.png 768w, https:\/\/onortedegoias.com.br\/camaraemacao\/wp-content\/uploads\/2025\/07\/image-30-300x225.png 300w\" sizes=\"(max-width: 768px) 100vw, 768px\" \/><\/figure>\n\n\n\n<figure class=\"wp-block-image size-full\"><img loading=\"lazy\" decoding=\"async\" width=\"768\" height=\"331\" src=\"https:\/\/onortedegoias.com.br\/camaraemacao\/wp-content\/uploads\/2025\/07\/image-31.png\" alt=\"\" class=\"wp-image-371\" srcset=\"https:\/\/onortedegoias.com.br\/camaraemacao\/wp-content\/uploads\/2025\/07\/image-31.png 768w, https:\/\/onortedegoias.com.br\/camaraemacao\/wp-content\/uploads\/2025\/07\/image-31-300x129.png 300w\" sizes=\"(max-width: 768px) 100vw, 768px\" \/><\/figure>\n\n\n\n<figure class=\"wp-block-image size-full\"><img loading=\"lazy\" decoding=\"async\" width=\"768\" height=\"576\" src=\"https:\/\/onortedegoias.com.br\/camaraemacao\/wp-content\/uploads\/2025\/07\/image-32.png\" alt=\"\" class=\"wp-image-372\" srcset=\"https:\/\/onortedegoias.com.br\/camaraemacao\/wp-content\/uploads\/2025\/07\/image-32.png 768w, https:\/\/onortedegoias.com.br\/camaraemacao\/wp-content\/uploads\/2025\/07\/image-32-300x225.png 300w\" sizes=\"(max-width: 768px) 100vw, 768px\" \/><\/figure>\n\n\n\n<figure class=\"wp-block-image size-full\"><img loading=\"lazy\" decoding=\"async\" width=\"768\" height=\"576\" src=\"https:\/\/onortedegoias.com.br\/camaraemacao\/wp-content\/uploads\/2025\/07\/image-33.png\" alt=\"\" class=\"wp-image-373\" srcset=\"https:\/\/onortedegoias.com.br\/camaraemacao\/wp-content\/uploads\/2025\/07\/image-33.png 768w, https:\/\/onortedegoias.com.br\/camaraemacao\/wp-content\/uploads\/2025\/07\/image-33-300x225.png 300w\" sizes=\"(max-width: 768px) 100vw, 768px\" \/><\/figure>\n","protected":false},"excerpt":{"rendered":"<p>Uma comitiva liderada pela presidente da C\u00e2mara de Mina\u00e7u, Gilv\u00e2nia M\u00e1rcia, esteve em Brasilia, nesta quinta-feira, 27, numa s\u00e9rie de agendas, no Congresso, na TV C\u00e2mara e no Minist\u00e9rio das Comunica\u00e7\u00f5es; \u00f3rg\u00e3os governamentais que, neste momento, est\u00e3o alinhados ao projeto de instala\u00e7\u00e3o da primeira TV digital com programa\u00e7\u00e3o local em Mina\u00e7u. Ainda pela manh\u00e3, na [&hellip;]<\/p>\n","protected":false},"author":1,"featured_media":364,"comment_status":"open","ping_status":"open","sticky":false,"template":"","format":"standard","meta":{"pagelayer_contact_templates":[],"_pagelayer_content":"","footnotes":""},"categories":[8],"tags":[],"class_list":["post-363","post","type-post","status-publish","format-standard","has-post-thumbnail","hentry","category-ultimas-noticias"],"_links":{"self":[{"href":"https:\/\/onortedegoias.com.br\/camaraemacao\/wp-json\/wp\/v2\/posts\/363","targetHints":{"allow":["GET"]}}],"collection":[{"href":"https:\/\/onortedegoias.com.br\/camaraemacao\/wp-json\/wp\/v2\/posts"}],"about":[{"href":"https:\/\/onortedegoias.com.br\/camaraemacao\/wp-json\/wp\/v2\/types\/post"}],"author":[{"embeddable":true,"href":"https:\/\/onortedegoias.com.br\/camaraemacao\/wp-json\/wp\/v2\/users\/1"}],"replies":[{"embeddable":true,"href":"https:\/\/onortedegoias.com.br\/camaraemacao\/wp-json\/wp\/v2\/comments?post=363"}],"version-history":[{"count":1,"href":"https:\/\/onortedegoias.com.br\/camaraemacao\/wp-json\/wp\/v2\/posts\/363\/revisions"}],"predecessor-version":[{"id":374,"href":"https:\/\/onortedegoias.com.br\/camaraemacao\/wp-json\/wp\/v2\/posts\/363\/revisions\/374"}],"wp:featuredmedia":[{"embeddable":true,"href":"https:\/\/onortedegoias.com.br\/camaraemacao\/wp-json\/wp\/v2\/media\/364"}],"wp:attachment":[{"href":"https:\/\/onortedegoias.com.br\/camaraemacao\/wp-json\/wp\/v2\/media?parent=363"}],"wp:term":[{"taxonomy":"category","embeddable":true,"href":"https:\/\/onortedegoias.com.br\/camaraemacao\/wp-json\/wp\/v2\/categories?post=363"},{"taxonomy":"post_tag","embeddable":true,"href":"https:\/\/onortedegoias.com.br\/camaraemacao\/wp-json\/wp\/v2\/tags?post=363"}],"curies":[{"name":"wp","href":"https:\/\/api.w.org\/{rel}","templated":true}]}}