{"id":375,"date":"2025-07-07T02:55:56","date_gmt":"2025-07-07T02:55:56","guid":{"rendered":"https:\/\/onortedegoias.com.br\/camaraemacao\/?p=375"},"modified":"2025-07-07T16:04:25","modified_gmt":"2025-07-07T16:04:25","slug":"minacu-e-contemplada-em-edital-e-pode-receber-canal-de-tv-com-programacao-local","status":"publish","type":"post","link":"https:\/\/onortedegoias.com.br\/camaraemacao\/minacu-e-contemplada-em-edital-e-pode-receber-canal-de-tv-com-programacao-local\/","title":{"rendered":"Mina\u00e7u \u00e9 contemplada em Edital e pode receber canal de TV com programa\u00e7\u00e3o local"},"content":{"rendered":"\n<p>A vereadora e presidente da C\u00e2mara de Mina\u00e7u,&nbsp;<strong>Gilv\u00e2nia M\u00e1rcia<\/strong>, vem liderando uma forte articula\u00e7\u00e3o para trazer a Mina\u00e7u a primeira emissora de TV Digital com programa\u00e7\u00e3o local. Isso porque o Minist\u00e9rio das Comunica\u00e7\u00f5es concedeu direito de outorga ao munic\u00edpio para transmitir o sinal da Rede Legislativa. E como parte da programa\u00e7\u00e3o: a veicula\u00e7\u00e3o de conte\u00fados locais, como not\u00edcias, jornais , entretenimento, cobertura de eventos, entrevistas e utilidade p\u00fablica. Institui\u00e7ao parceira, a Prefeitura de Mina\u00e7u entra na grade da programa\u00e7\u00e3o com conte\u00fados diversos e informativos.<\/p>\n\n\n\n<figure class=\"wp-block-image size-full\"><img fetchpriority=\"high\" decoding=\"async\" width=\"768\" height=\"576\" src=\"https:\/\/onortedegoias.com.br\/camaraemacao\/wp-content\/uploads\/2025\/07\/image-32.png\" alt=\"\" class=\"wp-image-372\" srcset=\"https:\/\/onortedegoias.com.br\/camaraemacao\/wp-content\/uploads\/2025\/07\/image-32.png 768w, https:\/\/onortedegoias.com.br\/camaraemacao\/wp-content\/uploads\/2025\/07\/image-32-300x225.png 300w\" sizes=\"(max-width: 768px) 100vw, 768px\" \/><\/figure>\n\n\n\n<p>Nesta quinta-feira, 06, por meio de uma videoconfer\u00eancia, a presidente realizou uma reuni\u00e3o com setores estrat\u00e9gicos da TV C\u00e2mara Nacional em Brasilia: &nbsp;Adriana Anselmo, &nbsp;da Coordena\u00e7\u00e3o de Gest\u00e3o Administrativa da Emissora&nbsp; e Daniella Andr\u00e9, Analista da Coordena\u00e7\u00e3o Administrativa e de Jornalismo da TV . A ideia \u00e9 entender os primeiros passos para o in\u00edcio das transmiss\u00f5es, o funcionamento di\u00e1rio da programa\u00e7\u00e3o, os formatos, hor\u00e1rios, e as condi\u00e7\u00f5es t\u00e9cnicas do Edital 222\/2024\/MCOM \u2013 esse com a qual Mina\u00e7u foi comtemplado.<\/p>\n\n\n\n<figure class=\"wp-block-image size-large\"><img decoding=\"async\" width=\"1024\" height=\"220\" src=\"https:\/\/onortedegoias.com.br\/camaraemacao\/wp-content\/uploads\/2025\/07\/image-36-1024x220.png\" alt=\"\" class=\"wp-image-379\" srcset=\"https:\/\/onortedegoias.com.br\/camaraemacao\/wp-content\/uploads\/2025\/07\/image-36-1024x220.png 1024w, https:\/\/onortedegoias.com.br\/camaraemacao\/wp-content\/uploads\/2025\/07\/image-36-300x64.png 300w, https:\/\/onortedegoias.com.br\/camaraemacao\/wp-content\/uploads\/2025\/07\/image-36-768x165.png 768w, https:\/\/onortedegoias.com.br\/camaraemacao\/wp-content\/uploads\/2025\/07\/image-36.png 1536w\" sizes=\"(max-width: 1024px) 100vw, 1024px\" \/><\/figure>\n\n\n\n<p>Durante a reuni\u00e3o, o ministro de Comunica\u00e7\u00f5es do Governo Federal,&nbsp;<strong>Juscelino Filho<\/strong>, que elogiou a iniciativa de organiza\u00e7\u00e3o da C\u00e2mara de Mina\u00e7u, disse:&nbsp;<em>\u201c<\/em>A miss\u00e3o do Minist\u00e9rio das Comunica\u00e7\u00f5es \u00e9 de ampliar o acesso a TV gratuita e de qualidade em todo o pa\u00eds, levando mais entretenimento e cultura a todos os brasileiros. Cumprindo com o nosso objetivo de n\u00e3o deixar ningu\u00e9m para tr\u00e1s, Mina\u00e7u poder\u00e1 contar com mais op\u00e7\u00f5es de canais p\u00fablicos e privados, contribuindo no acesso \u00e0 informa\u00e7\u00e3o de toda a popula\u00e7\u00e3o, por meio do programa Brasil Digital\u201d, disse ao&nbsp;<strong>Portal NG<\/strong>, o ministro que cuida da disposi\u00e7\u00e3o de recursos e equipamentos para a difus\u00e3o do sinal aberto.<\/p>\n\n\n\n<p><strong>A reuni\u00e3o<\/strong><\/p>\n\n\n\n<p>De Mina\u00e7u, participou da reuni\u00e3o o publicit\u00e1rio,&nbsp;<strong>Benevald Costa<\/strong>, Assessor de Comunica\u00e7\u00e3o da C\u00e2mara Municipal de Mina\u00e7u. E,&nbsp;<strong>Danillo Neres<\/strong>, jornalista da C\u00e2mara em Bras\u00edlia, que organizou o encontro no sentido de acelerar os processos, dessa que poder\u00e1 ser a primeria emissora de TV Digital aberta, com programa\u00e7\u00e3o local, em Mina\u00e7u.<\/p>\n\n\n\n<p>De acordo com a TV C\u00e2mara, os pr\u00f3ximos passos residem na disposi\u00e7\u00e3o de equipamentos, parlalelamente, na condu\u00e7\u00e3o de um projeto de conte\u00fado pretendido e seus hor\u00e1rios. O grupo de Mina\u00e7u e de Brasilia pretendem realizar uma visita t\u00e9cnica nos pr\u00f3ximos dias para conhecer a estrutura da TV e as experi\u00eancias de outras cidades que hoje j\u00e1 transmitem programa\u00e7\u00f5es regionais, por meio da parceria.<\/p>\n\n\n\n<p>Confira o Edital, clicando abaixo:<\/p>\n\n\n\n<p><a href=\"https:\/\/onortedegoias.com.br\/wp-content\/uploads\/2025\/02\/EDITAL-No-222_2024_MCOM-EDITAL-No-222_2024_MCOM-DOU-Imprensa-Nacional-4.pdf\">EDITAL N\u00ba 222_2024_MCOM \u2013 EDITAL N\u00ba 222_2024_MCOM \u2013 DOU \u2013 Imprensa Nacional (4)<\/a><\/p>\n","protected":false},"excerpt":{"rendered":"<p>A vereadora e presidente da C\u00e2mara de Mina\u00e7u,&nbsp;Gilv\u00e2nia M\u00e1rcia, vem liderando uma forte articula\u00e7\u00e3o para trazer a Mina\u00e7u a primeira emissora de TV Digital com programa\u00e7\u00e3o local. Isso porque o Minist\u00e9rio das Comunica\u00e7\u00f5es concedeu direito de outorga ao munic\u00edpio para transmitir o sinal da Rede Legislativa. E como parte da programa\u00e7\u00e3o: a veicula\u00e7\u00e3o de conte\u00fados [&hellip;]<\/p>\n","protected":false},"author":1,"featured_media":372,"comment_status":"open","ping_status":"open","sticky":false,"template":"","format":"standard","meta":{"pagelayer_contact_templates":[],"_pagelayer_content":"","footnotes":""},"categories":[8],"tags":[],"class_list":["post-375","post","type-post","status-publish","format-standard","has-post-thumbnail","hentry","category-ultimas-noticias"],"_links":{"self":[{"href":"https:\/\/onortedegoias.com.br\/camaraemacao\/wp-json\/wp\/v2\/posts\/375","targetHints":{"allow":["GET"]}}],"collection":[{"href":"https:\/\/onortedegoias.com.br\/camaraemacao\/wp-json\/wp\/v2\/posts"}],"about":[{"href":"https:\/\/onortedegoias.com.br\/camaraemacao\/wp-json\/wp\/v2\/types\/post"}],"author":[{"embeddable":true,"href":"https:\/\/onortedegoias.com.br\/camaraemacao\/wp-json\/wp\/v2\/users\/1"}],"replies":[{"embeddable":true,"href":"https:\/\/onortedegoias.com.br\/camaraemacao\/wp-json\/wp\/v2\/comments?post=375"}],"version-history":[{"count":3,"href":"https:\/\/onortedegoias.com.br\/camaraemacao\/wp-json\/wp\/v2\/posts\/375\/revisions"}],"predecessor-version":[{"id":457,"href":"https:\/\/onortedegoias.com.br\/camaraemacao\/wp-json\/wp\/v2\/posts\/375\/revisions\/457"}],"wp:featuredmedia":[{"embeddable":true,"href":"https:\/\/onortedegoias.com.br\/camaraemacao\/wp-json\/wp\/v2\/media\/372"}],"wp:attachment":[{"href":"https:\/\/onortedegoias.com.br\/camaraemacao\/wp-json\/wp\/v2\/media?parent=375"}],"wp:term":[{"taxonomy":"category","embeddable":true,"href":"https:\/\/onortedegoias.com.br\/camaraemacao\/wp-json\/wp\/v2\/categories?post=375"},{"taxonomy":"post_tag","embeddable":true,"href":"https:\/\/onortedegoias.com.br\/camaraemacao\/wp-json\/wp\/v2\/tags?post=375"}],"curies":[{"name":"wp","href":"https:\/\/api.w.org\/{rel}","templated":true}]}}