{"id":515,"date":"2025-09-24T01:31:37","date_gmt":"2025-09-24T01:31:37","guid":{"rendered":"https:\/\/onortedegoias.com.br\/camaraemacao\/?p=515"},"modified":"2025-09-24T01:34:31","modified_gmt":"2025-09-24T01:34:31","slug":"camara-assina-acordo-para-implantacao-da-primeira-tv-digital-de-minacu-canal-tera-programacao-local","status":"publish","type":"post","link":"https:\/\/onortedegoias.com.br\/camaraemacao\/camara-assina-acordo-para-implantacao-da-primeira-tv-digital-de-minacu-canal-tera-programacao-local\/","title":{"rendered":"C\u00e2mara assina acordo para implanta\u00e7\u00e3o da primeira TV Digital de Mina\u00e7u; canal ter\u00e1 programa\u00e7\u00e3o local"},"content":{"rendered":"\n<p><em>\u201cColoca no canal 9 que agora vamos assistir \u00e0s not\u00edcias da nossa cidade\u201d<\/em>. Essa \u00e9 uma frase que hoje n\u00e3o faz muito sentido nos lares mina\u00e7uenses. Mas daqui a pouco mais de 1 ano far\u00e1. Isso porque a C\u00e2mara de Mina\u00e7u est\u00e1 dando passos largos e importantes no processo de implanta\u00e7\u00e3o da primeira&nbsp;<strong>TV Digital de Mina\u00e7u<\/strong>&nbsp;\u2013 com programa\u00e7\u00e3o local. Entenda:<\/p>\n\n\n\n<p>A&nbsp;<strong>C\u00e2mara Municipal de Mina\u00e7u<\/strong>&nbsp;deu um passo hist\u00f3rico nesta segunda-feira, 22, durante a assinatura de um Termo de Coopera\u00e7\u00e3o T\u00e9cnica entre o legislativo municipal e a&nbsp;<strong>C\u00e2mara dos Deputados<\/strong>&nbsp;para implanta\u00e7\u00e3o da primeira TV Digital de Mina\u00e7u. Na grade do novo canal, a cidade poder\u00e1 incluir, a partir da sua pr\u00f3pria demanda, programas locais, coberturas de eventos culturais, programas de entrevistas e at\u00e9 jornalismo.<\/p>\n\n\n\n<p>O ato de assinatura do Termo contou com a presen\u00e7a dos vereadores:&nbsp;<strong>Silvio do Fil\u00f3<\/strong>,&nbsp;<strong>Ana L\u00facia Quintino<\/strong>,&nbsp;<strong>M\u00e1rcio Gordo<\/strong>,&nbsp;<strong>Leandro do Fil\u00f3<\/strong>,&nbsp;<strong>Joaoz\u00e3o do Tapa-buraco<\/strong>,&nbsp;<strong>Bruno P\u00e3o de Queijo<\/strong>&nbsp;e&nbsp;<strong>Carlinhos da Limpeza.<\/strong><\/p>\n\n\n\n<figure class=\"wp-block-image\" id=\"attachment_297115\"><img decoding=\"async\" src=\"https:\/\/onortedegoias.com.br\/wp-content\/uploads\/2025\/09\/lead.png\" alt=\"\" class=\"wp-image-297115\"\/><figcaption class=\"wp-element-caption\"><em>Precursora da articula\u00e7\u00e3o pela implanta\u00e7\u00e3o da TV de Mina\u00e7u, Gilv\u00e2nia assina termo de parceria com a C\u00e2mara de Bras\u00edlia<\/em><\/figcaption><\/figure>\n\n\n\n<p>O ato solene realizado em Mina\u00e7u tamb\u00e9m contou com a participa\u00e7\u00e3o de forma remota da&nbsp;<strong>Diretora Geral da TV C\u00e2mara, Daniela Andr\u00e9<\/strong>. \u201c\u00c9 gratificante ver que os vereadores est\u00e3o engajados, com agendas em Bras\u00edlia, e hoje \u00e9 um dia hist\u00f3rico pois representa um dos passos mais importantes desse processo\u201d, disse. \u201cE em breve vamos \u00e0 Mina\u00e7u\u201d, disse ao falar da solenidade que marcar\u00e1 o acionamento do sinal digital da rede legislativa em Mina\u00e7u.<\/p>\n\n\n\n<p>A vereadora&nbsp;<strong>Gilv\u00e2nia Marcia<\/strong>&nbsp;agradeceu as palavras e o apoio de Daniela que tem sido fundamental. Acess\u00edvel \u00e0s demandas e aos processos de implanta\u00e7\u00e3o da TV de Mina\u00e7u, Daniela tem na cidade um referencial de importante engajamento dos vereadores. \u201cFaremos hist\u00f3ria\u201d.<\/p>\n\n\n\n<h3 class=\"wp-block-heading\"><strong>A assinatura&nbsp;<\/strong><\/h3>\n\n\n\n<p>O acordo de coopera\u00e7\u00e3o t\u00e9cnica viabiliza a implanta\u00e7\u00e3o e opera\u00e7\u00e3o do sistema de transmiss\u00e3o de TV Digital na cidade. Com a instala\u00e7\u00e3o da Esta\u00e7\u00e3o de Radiodifus\u00e3o de Televis\u00e3o Digital, Mina\u00e7u passar\u00e1 a integrar a Rede Legislativa de R\u00e1dio e TV Digital, que j\u00e1 re\u00fane emissoras como TV C\u00e2mara, TV Senado, TV Assembleia e r\u00e1dios legislativas. O sistema inclui transmissor, antenas, parab\u00f3licas e equipamentos de recep\u00e7\u00e3o, fornecidos pelo Minist\u00e9rio das Comunica\u00e7\u00f5es.<\/p>\n\n\n\n<p>Os recursos s\u00e3o oriundos do Governo Federal e j\u00e1 est\u00e3o garantidos na Lei de Diretrizes Or\u00e7ament\u00e1rias da Uni\u00e3o \u2013 aprovada neste ano.<\/p>\n\n\n\n<h3 class=\"wp-block-heading\">Programa\u00e7\u00e3o local garantida<\/h3>\n\n\n\n<p>Um dos pontos mais relevantes do acordo \u00e9 a garantia de espa\u00e7o para programa\u00e7\u00e3o exclusiva da C\u00e2mara Municipal de Mina\u00e7u. Isso significa que a popula\u00e7\u00e3o ter\u00e1 acesso a conte\u00fados produzidos localmente, como transmiss\u00f5es de sess\u00f5es plen\u00e1rias, debates, entrevistas, eventos institucionais e programas de interesse comunit\u00e1rio e jornal\u00edstico.<\/p>\n\n\n\n<h3 class=\"wp-block-heading\">Responsabilidades e estrutura<\/h3>\n\n\n\n<p>De acordo com o documento, caber\u00e1 \u00e0 C\u00e2mara Municipal zelar pela opera\u00e7\u00e3o e manuten\u00e7\u00e3o dos equipamentos, garantir acessibilidade e promover a inclus\u00e3o de conte\u00fado institucional. J\u00e1 a C\u00e2mara dos Deputados ser\u00e1 respons\u00e1vel por assegurar a infraestrutura t\u00e9cnica e a transmiss\u00e3o nacional em rede<\/p>\n\n\n\n<h3 class=\"wp-block-heading\"><strong>Avan\u00e7o na comunica\u00e7\u00e3o p\u00fablica<\/strong><\/h3>\n\n\n\n<p>A presidente da C\u00e2mara Municipal, vereadora Gilv\u00e2nia M\u00e1rcia Barbosa, destacou que a TV Digital representa um marco para Mina\u00e7u:<\/p>\n\n\n\n<p>\u201c\u00c9 um avan\u00e7o na transpar\u00eancia e na democratiza\u00e7\u00e3o da informa\u00e7\u00e3o. A popula\u00e7\u00e3o poder\u00e1 acompanhar de perto o trabalho legislativo e tamb\u00e9m ter acesso a conte\u00fados educativos e culturais produzidos em nossa cidade.\u201d<\/p>\n\n\n\n<p>Com o in\u00edcio das transmiss\u00f5es, a comunidade de Mina\u00e7u passa a contar com um canal moderno e interativo, fortalecendo a participa\u00e7\u00e3o cidad\u00e3 e aproximando ainda mais o Legislativo da sociedade.<\/p>\n\n\n\n<figure class=\"wp-block-image\"><img decoding=\"async\" src=\"https:\/\/onortedegoias.com.br\/wp-content\/uploads\/2025\/09\/8a85e216-37c3-41a2-817a-09b55fb78520.jpg\" alt=\"\" class=\"wp-image-297117\"\/><\/figure>\n\n\n\n<figure class=\"wp-block-image\"><img decoding=\"async\" src=\"https:\/\/onortedegoias.com.br\/wp-content\/uploads\/2025\/09\/tv-camara.jpg\" alt=\"\" class=\"wp-image-297118\"\/><\/figure>\n","protected":false},"excerpt":{"rendered":"<p>\u201cColoca no canal 9 que agora vamos assistir \u00e0s not\u00edcias da nossa cidade\u201d. Essa \u00e9 uma frase que hoje n\u00e3o faz muito sentido nos lares mina\u00e7uenses. Mas daqui a pouco mais de 1 ano far\u00e1. Isso porque a C\u00e2mara de Mina\u00e7u est\u00e1 dando passos largos e importantes no processo de implanta\u00e7\u00e3o da primeira&nbsp;TV Digital de [&hellip;]<\/p>\n","protected":false},"author":2,"featured_media":516,"comment_status":"closed","ping_status":"","sticky":false,"template":"","format":"standard","meta":{"pagelayer_contact_templates":[],"_pagelayer_content":"","footnotes":""},"categories":[8],"tags":[],"class_list":["post-515","post","type-post","status-publish","format-standard","has-post-thumbnail","hentry","category-ultimas-noticias"],"_links":{"self":[{"href":"https:\/\/onortedegoias.com.br\/camaraemacao\/wp-json\/wp\/v2\/posts\/515","targetHints":{"allow":["GET"]}}],"collection":[{"href":"https:\/\/onortedegoias.com.br\/camaraemacao\/wp-json\/wp\/v2\/posts"}],"about":[{"href":"https:\/\/onortedegoias.com.br\/camaraemacao\/wp-json\/wp\/v2\/types\/post"}],"author":[{"embeddable":true,"href":"https:\/\/onortedegoias.com.br\/camaraemacao\/wp-json\/wp\/v2\/users\/2"}],"replies":[{"embeddable":true,"href":"https:\/\/onortedegoias.com.br\/camaraemacao\/wp-json\/wp\/v2\/comments?post=515"}],"version-history":[{"count":1,"href":"https:\/\/onortedegoias.com.br\/camaraemacao\/wp-json\/wp\/v2\/posts\/515\/revisions"}],"predecessor-version":[{"id":527,"href":"https:\/\/onortedegoias.com.br\/camaraemacao\/wp-json\/wp\/v2\/posts\/515\/revisions\/527"}],"wp:featuredmedia":[{"embeddable":true,"href":"https:\/\/onortedegoias.com.br\/camaraemacao\/wp-json\/wp\/v2\/media\/516"}],"wp:attachment":[{"href":"https:\/\/onortedegoias.com.br\/camaraemacao\/wp-json\/wp\/v2\/media?parent=515"}],"wp:term":[{"taxonomy":"category","embeddable":true,"href":"https:\/\/onortedegoias.com.br\/camaraemacao\/wp-json\/wp\/v2\/categories?post=515"},{"taxonomy":"post_tag","embeddable":true,"href":"https:\/\/onortedegoias.com.br\/camaraemacao\/wp-json\/wp\/v2\/tags?post=515"}],"curies":[{"name":"wp","href":"https:\/\/api.w.org\/{rel}","templated":true}]}}