{"id":528,"date":"2025-09-24T01:38:39","date_gmt":"2025-09-24T01:38:39","guid":{"rendered":"https:\/\/onortedegoias.com.br\/camaraemacao\/?p=528"},"modified":"2025-09-24T01:40:04","modified_gmt":"2025-09-24T01:40:04","slug":"camara-de-minacu-aprova-doacao-de-equipamentos-ao-samu-mocao-de-apoio-a-policiais-penais-e-reivindica-ponte-no-rio-bateia","status":"publish","type":"post","link":"https:\/\/onortedegoias.com.br\/camaraemacao\/camara-de-minacu-aprova-doacao-de-equipamentos-ao-samu-mocao-de-apoio-a-policiais-penais-e-reivindica-ponte-no-rio-bateia\/","title":{"rendered":"C\u00e2mara de Mina\u00e7u aprova doa\u00e7\u00e3o de equipamentos ao SAMU, mo\u00e7\u00e3o de apoio a policiais penais e reivindica ponte no Rio Bateia"},"content":{"rendered":"\n<p>Em sess\u00e3o ordin\u00e1ria realizada nesta semana a C\u00e2mara Municipal de Mina\u00e7u aprovou uma pauta marcada por projetos ligados \u00e0 sa\u00fade, seguran\u00e7a p\u00fablica e infraestrutura. Entre as mat\u00e9rias deliberadas est\u00e3o a&nbsp;<strong>doa\u00e7\u00e3o de equipamentos ao Servi\u00e7o de Atendimento M\u00f3vel de Urg\u00eancia (SAMU)<\/strong>, uma&nbsp;<strong>mo\u00e7\u00e3o de apoio aos policiais penais de Goi\u00e1s<\/strong>&nbsp;e a&nbsp;<strong>indica\u00e7\u00e3o para a constru\u00e7\u00e3o de uma ponte sobre o Rio Bateia<\/strong>.<\/p>\n\n\n\n<figure class=\"wp-block-image\"><img decoding=\"async\" src=\"https:\/\/onortedegoias.com.br\/wp-content\/uploads\/2025\/09\/camara.jpg\" alt=\"\" class=\"wp-image-295718\"\/><\/figure>\n\n\n\n<h3 class=\"wp-block-heading\">Refor\u00e7o \u00e0 sa\u00fade: apoio ao SAMU<\/h3>\n\n\n\n<p>O primeiro item aprovado foi o&nbsp;<strong>Projeto de Lei n\u00ba 15\/2025<\/strong>, que autoriza a doa\u00e7\u00e3o de equipamentos ao SAMU local. A medida tem como objetivo fortalecer a estrutura de atendimento pr\u00e9-hospitalar do munic\u00edpio, considerado estrat\u00e9gico em fun\u00e7\u00e3o das longas dist\u00e2ncias at\u00e9 hospitais de refer\u00eancia da regi\u00e3o norte de Goi\u00e1s.<\/p>\n\n\n\n<p>Segundo a justificativa lida em plen\u00e1rio, os novos equipamentos v\u00e3o&nbsp;<strong>agilizar o socorro em casos de urg\u00eancia<\/strong>&nbsp;e garantir maior seguran\u00e7a para pacientes transportados, al\u00e9m de valorizar o trabalho das equipes que atuam na linha de frente do atendimento. O projeto foi aprovado por unanimidade.Seguran\u00e7a em foco: mo\u00e7\u00e3o de apoio aos policiais penais<\/p>\n\n\n\n<p>Outro ponto de destaque foi a&nbsp;<strong>mo\u00e7\u00e3o de apoio aos policiais penais do Estado de Goi\u00e1s<\/strong>, apresentada por vereadores que enfatizaram a import\u00e2ncia da categoria para o sistema prisional e para a seguran\u00e7a p\u00fablica em geral.<\/p>\n\n\n\n<p>A C\u00e2mara destacou que os policiais penais enfrentam condi\u00e7\u00f5es adversas de trabalho e necessitam de maior valoriza\u00e7\u00e3o. A mo\u00e7\u00e3o ser\u00e1 encaminhada ao Governo do Estado, \u00e0 Secretaria de Seguran\u00e7a P\u00fablica e ao sindicato da categoria, como forma de press\u00e3o pol\u00edtica por melhorias salariais e estruturais.<\/p>\n\n\n\n<h3 class=\"wp-block-heading\">Infraestrutura: pedido de ponte sobre o Rio Bateia<\/h3>\n\n\n\n<p>Por fim, os parlamentares aprovaram uma&nbsp;<strong>indica\u00e7\u00e3o ao Executivo municipal<\/strong>&nbsp;solicitando a constru\u00e7\u00e3o de uma&nbsp;<strong>ponte sobre o Rio Bateia<\/strong>, obra considerada fundamental para a mobilidade de comunidades rurais que dependem do acesso di\u00e1rio \u00e0 sede do munic\u00edpio.<\/p>\n\n\n\n<p>De acordo com o autor da indica\u00e7\u00e3o, a atual travessia \u00e9 prec\u00e1ria e oferece riscos \u00e0 popula\u00e7\u00e3o, especialmente em per\u00edodos de chuva. A proposta ser\u00e1 encaminhada ao prefeito e \u00e0s secretarias competentes, que dever\u00e3o avaliar a viabilidade t\u00e9cnica e or\u00e7ament\u00e1ria.<\/p>\n","protected":false},"excerpt":{"rendered":"<p>Em sess\u00e3o ordin\u00e1ria realizada nesta semana a C\u00e2mara Municipal de Mina\u00e7u aprovou uma pauta marcada por projetos ligados \u00e0 sa\u00fade, seguran\u00e7a p\u00fablica e infraestrutura. Entre as mat\u00e9rias deliberadas est\u00e3o a&nbsp;doa\u00e7\u00e3o de equipamentos ao Servi\u00e7o de Atendimento M\u00f3vel de Urg\u00eancia (SAMU), uma&nbsp;mo\u00e7\u00e3o de apoio aos policiais penais de Goi\u00e1s&nbsp;e a&nbsp;indica\u00e7\u00e3o para a constru\u00e7\u00e3o de uma ponte [&hellip;]<\/p>\n","protected":false},"author":2,"featured_media":529,"comment_status":"closed","ping_status":"","sticky":false,"template":"","format":"standard","meta":{"pagelayer_contact_templates":[],"_pagelayer_content":"","footnotes":""},"categories":[8],"tags":[],"class_list":["post-528","post","type-post","status-publish","format-standard","has-post-thumbnail","hentry","category-ultimas-noticias"],"_links":{"self":[{"href":"https:\/\/onortedegoias.com.br\/camaraemacao\/wp-json\/wp\/v2\/posts\/528","targetHints":{"allow":["GET"]}}],"collection":[{"href":"https:\/\/onortedegoias.com.br\/camaraemacao\/wp-json\/wp\/v2\/posts"}],"about":[{"href":"https:\/\/onortedegoias.com.br\/camaraemacao\/wp-json\/wp\/v2\/types\/post"}],"author":[{"embeddable":true,"href":"https:\/\/onortedegoias.com.br\/camaraemacao\/wp-json\/wp\/v2\/users\/2"}],"replies":[{"embeddable":true,"href":"https:\/\/onortedegoias.com.br\/camaraemacao\/wp-json\/wp\/v2\/comments?post=528"}],"version-history":[{"count":1,"href":"https:\/\/onortedegoias.com.br\/camaraemacao\/wp-json\/wp\/v2\/posts\/528\/revisions"}],"predecessor-version":[{"id":530,"href":"https:\/\/onortedegoias.com.br\/camaraemacao\/wp-json\/wp\/v2\/posts\/528\/revisions\/530"}],"wp:featuredmedia":[{"embeddable":true,"href":"https:\/\/onortedegoias.com.br\/camaraemacao\/wp-json\/wp\/v2\/media\/529"}],"wp:attachment":[{"href":"https:\/\/onortedegoias.com.br\/camaraemacao\/wp-json\/wp\/v2\/media?parent=528"}],"wp:term":[{"taxonomy":"category","embeddable":true,"href":"https:\/\/onortedegoias.com.br\/camaraemacao\/wp-json\/wp\/v2\/categories?post=528"},{"taxonomy":"post_tag","embeddable":true,"href":"https:\/\/onortedegoias.com.br\/camaraemacao\/wp-json\/wp\/v2\/tags?post=528"}],"curies":[{"name":"wp","href":"https:\/\/api.w.org\/{rel}","templated":true}]}}