{"id":531,"date":"2025-09-24T01:42:50","date_gmt":"2025-09-24T01:42:50","guid":{"rendered":"https:\/\/onortedegoias.com.br\/camaraemacao\/?p=531"},"modified":"2025-09-24T01:42:50","modified_gmt":"2025-09-24T01:42:50","slug":"camara-de-minacu-empossa-ana-lucia-como-procuradora-da-mulher-nenhuma-mulher-esta-sozinha","status":"publish","type":"post","link":"https:\/\/onortedegoias.com.br\/camaraemacao\/camara-de-minacu-empossa-ana-lucia-como-procuradora-da-mulher-nenhuma-mulher-esta-sozinha\/","title":{"rendered":"C\u00e2mara de Mina\u00e7u empossa Ana L\u00facia como Procuradora da Mulher: \u201cNenhuma mulher est\u00e1 sozinha\u201d"},"content":{"rendered":"\n<p><strong>Mina\u00e7u (GO)<\/strong>&nbsp;\u2014 A vereadora Gilv\u00e2nia M\u00e1rcia, presidente da C\u00e2mara Municipal de Mina\u00e7u, conduziu oficialmente, nesta segunda-feira (4), a posse da vereadora&nbsp;<strong>Ana L\u00facia Quintino<\/strong>&nbsp;como presidente da&nbsp;<strong>Procuradoria Especial da Mulher<\/strong>&nbsp;na Casa Legislativa. A solenidade tamb\u00e9m marcou a inaugura\u00e7\u00e3o do espa\u00e7o f\u00edsico destinado ao \u00f3rg\u00e3o, que funcionar\u00e1 na sede da C\u00e2mara.<\/p>\n\n\n\n<p>Reconhecida pelo trabalho consistente na apresenta\u00e7\u00e3o de projetos bem elaborados e voltados ao interesse p\u00fablico, Ana L\u00facia agora assume um novo desafio:&nbsp;<strong>combater a viol\u00eancia contra a mulher em suas mais diversas formas<\/strong>, al\u00e9m de promover pol\u00edticas de igualdade e empoderamento feminino.<\/p>\n\n\n\n<blockquote class=\"wp-block-quote is-layout-flow wp-block-quote-is-layout-flow\">\n<p>\u201cA Procuradoria da Mulher n\u00e3o \u00e9 apenas um cargo ou um t\u00edtulo \u2014 \u00e9 um compromisso permanente com a dignidade, os direitos e a prote\u00e7\u00e3o das mulheres do nosso munic\u00edpio. \u00c9 um espa\u00e7o de escuta, acolhimento e luta\u201d, afirmou a nova procuradora.<\/p>\n\n\n\n<figure class=\"wp-block-image\"><img decoding=\"async\" src=\"https:\/\/onortedegoias.com.br\/wp-content\/uploads\/2025\/08\/2dca31cc-0100-4a09-83cb-2bb72e5d5cfd-e1754440527892.jpg\" alt=\"\" class=\"wp-image-291872\"\/><\/figure>\n<\/blockquote>\n\n\n\n<p>Durante seu discurso de posse, Ana L\u00facia destacou a necessidade de enfrentar as barreiras que ainda impedem o pleno exerc\u00edcio da cidadania feminina.\u201cMesmo com tantos avan\u00e7os, as mulheres ainda enfrentam desafios di\u00e1rios: a viol\u00eancia dom\u00e9stica, a desigualdade salarial, o ass\u00e9dio, a invisibilidade pol\u00edtica, a sobrecarga no trabalho e nas responsabilidades familiares. S\u00e3o quest\u00f5es urgentes que exigem de n\u00f3s a\u00e7\u00e3o, empatia e coragem.\u201d<\/p>\n\n\n\n<p>A Procuradoria da Mulher na C\u00e2mara ter\u00e1 como atribui\u00e7\u00f5es receber e encaminhar den\u00fancias de viol\u00eancia e discrimina\u00e7\u00e3o, fiscalizar pol\u00edticas p\u00fablicas relacionadas \u00e0 equidade de g\u00eanero e propor a\u00e7\u00f5es que garantam direitos e prote\u00e7\u00e3o \u00e0s mulheres.<\/p>\n\n\n\n<blockquote class=\"wp-block-quote is-layout-flow wp-block-quote-is-layout-flow\">\n<p>\u201cComo Procuradora da Mulher, assumo o dever de ouvir cada mulher que nos procurar, de atuar na defesa dos seus direitos, de fiscalizar pol\u00edticas p\u00fablicas voltadas \u00e0 equidade de g\u00eanero, e de articular projetos e a\u00e7\u00f5es que promovam o empoderamento feminino.\u201d<\/p>\n<\/blockquote>\n\n\n\n<p>Ana L\u00facia refor\u00e7ou que a atua\u00e7\u00e3o ser\u00e1 pautada pelo acolhimento e pela representatividade: \u201cEstamos aqui para dar voz \u00e0s mulheres que muitas vezes s\u00e3o silenciadas, para dizer que nenhuma mulher est\u00e1 sozinha, e que esta Casa Legislativa est\u00e1 aberta, ativa e vigilante na defesa de todas voc\u00eas.\u201d<\/p>\n\n\n\n<p>A vereadora encerrou sua fala com um chamado \u00e0 uni\u00e3o e ao engajamento coletivo: \u201cVamos seguir trabalhando por uma sociedade mais justa, mais humana e igualit\u00e1ria \u2014 onde ser mulher n\u00e3o signifique estar em risco, mas sim ser respeitada, valorizada e livre para ser o que quiser. Que este seja um tempo de constru\u00e7\u00e3o coletiva, de escuta verdadeira e de avan\u00e7os concretos.\u201d<\/p>\n\n\n\n<p>A presidente da C\u00e2mara, Gilv\u00e2nia M\u00e1rcia, destacou a import\u00e2ncia da Procuradoria e elogiou a trajet\u00f3ria de Ana L\u00facia, ressaltando que a nova procuradora re\u00fane \u201ccompet\u00eancia, sensibilidade e compromisso social\u201d para conduzir o \u00f3rg\u00e3o.<\/p>\n\n\n\n<p>Com o fortalecimento da Procuradoria, Mina\u00e7u d\u00e1 um passo importante no fortalecimento das pol\u00edticas de prote\u00e7\u00e3o e promo\u00e7\u00e3o dos direitos das mulheres, abrindo um canal oficial de acolhimento e combate \u00e0 viol\u00eancia de g\u00eanero.<\/p>\n\n\n\n<figure class=\"wp-block-image\"><a href=\"https:\/\/onortedegoias.com.br\/wp-content\/uploads\/2025\/08\/procuradoria.jpg\"><img decoding=\"async\" src=\"https:\/\/onortedegoias.com.br\/wp-content\/uploads\/2025\/08\/procuradoria-225x300.jpg\" alt=\"\"\/><\/a><\/figure>\n\n\n\n<figure class=\"wp-block-image\"><a href=\"https:\/\/onortedegoias.com.br\/wp-content\/uploads\/2025\/08\/a70419ec-2fbf-4d72-825f-c240e8547dfb.jpg\"><img decoding=\"async\" src=\"https:\/\/onortedegoias.com.br\/wp-content\/uploads\/2025\/08\/a70419ec-2fbf-4d72-825f-c240e8547dfb-225x300.jpg\" alt=\"\"\/><\/a><\/figure>\n\n\n\n<figure class=\"wp-block-image\"><a href=\"https:\/\/onortedegoias.com.br\/wp-content\/uploads\/2025\/08\/d7843247-1f63-4101-a703-0923c79b5124.jpg\"><img decoding=\"async\" src=\"https:\/\/onortedegoias.com.br\/wp-content\/uploads\/2025\/08\/d7843247-1f63-4101-a703-0923c79b5124-225x300.jpg\" alt=\"\"\/><\/a><\/figure>\n\n\n\n<figure class=\"wp-block-image\"><a href=\"https:\/\/onortedegoias.com.br\/wp-content\/uploads\/2025\/08\/24906638-5c9b-4bf7-9a06-84ed5b068942.jpg\"><img decoding=\"async\" src=\"https:\/\/onortedegoias.com.br\/wp-content\/uploads\/2025\/08\/24906638-5c9b-4bf7-9a06-84ed5b068942-225x300.jpg\" alt=\"\"\/><\/a><\/figure>\n\n\n\n<figure class=\"wp-block-image\"><a href=\"https:\/\/onortedegoias.com.br\/wp-content\/uploads\/2025\/08\/6b5375a6-f2cb-40b6-875e-675b27c58551.jpg\"><img decoding=\"async\" src=\"https:\/\/onortedegoias.com.br\/wp-content\/uploads\/2025\/08\/6b5375a6-f2cb-40b6-875e-675b27c58551-225x300.jpg\" alt=\"\"\/><\/a><\/figure>\n\n\n\n<figure class=\"wp-block-image\"><a href=\"https:\/\/onortedegoias.com.br\/wp-content\/uploads\/2025\/08\/af792e1b-8e66-4bfb-b79d-072b08275df5.jpg\"><img decoding=\"async\" src=\"https:\/\/onortedegoias.com.br\/wp-content\/uploads\/2025\/08\/af792e1b-8e66-4bfb-b79d-072b08275df5-225x300.jpg\" alt=\"\"\/><\/a><\/figure>\n\n\n\n<figure class=\"wp-block-image\"><a href=\"https:\/\/onortedegoias.com.br\/wp-content\/uploads\/2025\/08\/6707644e-5264-4af8-9842-ea8d0d8e3051.jpg\"><img decoding=\"async\" src=\"https:\/\/onortedegoias.com.br\/wp-content\/uploads\/2025\/08\/6707644e-5264-4af8-9842-ea8d0d8e3051-225x300.jpg\" alt=\"\"\/><\/a><\/figure>\n\n\n\n<figure class=\"wp-block-image\"><a href=\"https:\/\/onortedegoias.com.br\/wp-content\/uploads\/2025\/08\/esssa-e1754437052378.jpg\"><img decoding=\"async\" src=\"https:\/\/onortedegoias.com.br\/wp-content\/uploads\/2025\/08\/esssa-e1754437052378-300x200.jpg\" alt=\"\"\/><\/a><\/figure>\n\n\n\n<h3 class=\"wp-block-heading\"><strong>Legado de Gilv\u00e2nia M\u00e1rcia na defesa das mulheres ganha proje\u00e7\u00e3o nacional<\/strong><\/h3>\n\n\n\n<figure class=\"wp-block-image\"><img decoding=\"async\" src=\"https:\/\/onortedegoias.com.br\/wp-content\/uploads\/2025\/08\/img20250325160850986.jpg\" alt=\"\" class=\"wp-image-291870\"\/><\/figure>\n\n\n\n<p><strong>Mina\u00e7u (GO)<\/strong>&nbsp;\u2014 Reconhecida por sua atua\u00e7\u00e3o firme no combate \u00e0 viol\u00eancia contra a mulher e pela articula\u00e7\u00e3o pol\u00edtica al\u00e9m das fronteiras municipais, a presidente da C\u00e2mara de Mina\u00e7u,&nbsp;<strong>Gilv\u00e2nia M\u00e1rcia (PSDB)<\/strong>, construiu um legado que j\u00e1 \u00e9 refer\u00eancia em Bras\u00edlia e em redes de prote\u00e7\u00e3o feminina por todo o pa\u00eds.<\/p>\n\n\n\n<p>Foi Gilv\u00e2nia quem deu o passo inicial para a cria\u00e7\u00e3o da&nbsp;<strong>Procuradoria Especial da Mulher<\/strong>&nbsp;em Mina\u00e7u, ainda nos primeiros meses de sua gest\u00e3o. Com a proposta ainda em fase embrion\u00e1ria, iniciou uma agenda de aproxima\u00e7\u00e3o com autoridades nacionais, especialmente no Congresso, onde estabeleceu v\u00ednculos s\u00f3lidos com a deputada&nbsp;<strong>Soraya Santos<\/strong>, procuradora da Mulher na C\u00e2mara Federal, e outros atores de destaque na defesa dos direitos das mulheres.<\/p>\n\n\n\n<figure class=\"wp-block-image\"><img decoding=\"async\" src=\"https:\/\/onortedegoias.com.br\/wp-content\/uploads\/2025\/08\/2-e1754442714567.png\" alt=\"\" class=\"wp-image-291877\"\/><\/figure>\n\n\n\n<p>A articula\u00e7\u00e3o rendeu convites de peso: Gilv\u00e2nia foi recepcionada diversas vezes em Bras\u00edlia e, na \u00faltima ocasi\u00e3o, se tornou&nbsp;<strong>a \u00fanica vereadora do Brasil a discursar no evento mais importante dedicado \u00e0s mulheres no Parlamento Nacional<\/strong>, representando todas as legisladoras municipais do pa\u00eds. O pronunciamento, transmitido pela TV C\u00e2mara, foi marcado por emo\u00e7\u00e3o e firmeza no enfrentamento \u00e0 viol\u00eancia de g\u00eanero.<\/p>\n\n\n\n<p>No mesmo p\u00falpito de Gilv\u00e2nia, passaram nomes como o presidente da C\u00e2mara dos Deputados,&nbsp;<strong>Hugo Mota<\/strong>; a ministra do STM,&nbsp;<strong>Elizabeth Roch<\/strong>; a vice-governadora do Distrito Federal,&nbsp;<strong>Celina Le\u00e3o<\/strong>; a deputada&nbsp;<strong>Soraya Santos<\/strong>; e a secret\u00e1ria da Mulher e ex-governadora do Rio de Janeiro,&nbsp;<strong>Benedita da Silva<\/strong>. A agenda fez parte da&nbsp;<strong>Campanha Mar\u00e7o Mulher<\/strong>, a\u00e7\u00e3o nacional que integra a Rede Nacional de Procuradorias da Mulher.<\/p>\n\n\n\n<blockquote class=\"wp-block-quote is-layout-flow wp-block-quote-is-layout-flow\">\n<p>\u201cIsso \u00e9 uma marca da vida dela: a defesa intransigente contra a viol\u00eancia. \u00c9 um trabalho que transcende mandatos e que projeta Mina\u00e7u no cen\u00e1rio nacional\u201d, ressaltou uma das participantes do evento.<\/p>\n<\/blockquote>\n\n\n\n<p>Al\u00e9m do discurso, Gilv\u00e2nia integrou o painel \u201cCoopera\u00e7\u00e3o entre os \u00d3rg\u00e3os e Trabalho em Rede\u201d, ao lado de&nbsp;<strong>Margarete Coelho<\/strong>&nbsp;(diretora do Sebrae Nacional),&nbsp;<strong>Daiane Nogueira de Lira<\/strong>&nbsp;(CNJ),&nbsp;<strong>Leandre Dal Ponte<\/strong>&nbsp;(secret\u00e1ria da Mulher do Paran\u00e1) e da deputada&nbsp;<strong>Tia Ju<\/strong>&nbsp;(presidente da UNALE), com media\u00e7\u00e3o da deputada&nbsp;<strong>Maria Rosas<\/strong>.<\/p>\n\n\n\n<figure class=\"wp-block-image\"><img decoding=\"async\" src=\"https:\/\/onortedegoias.com.br\/wp-content\/uploads\/2025\/08\/1-e1754442662139.png\" alt=\"\" class=\"wp-image-291876\"\/><\/figure>\n\n\n\n<p>O reconhecimento tamb\u00e9m chegou \u00e0s p\u00e1ginas da imprensa estadual. Em&nbsp;<strong>13 de mar\u00e7o de 2025<\/strong>, o jornal&nbsp;<em>O Popular<\/em>, maior ve\u00edculo de Goi\u00e1s, publicou o artigo assinado por Gilv\u00e2nia:<\/p>\n\n\n\n<figure class=\"wp-block-image\"><img decoding=\"async\" src=\"https:\/\/onortedegoias.com.br\/wp-content\/uploads\/2025\/08\/img20250325160850986da.jpg\" alt=\"\" class=\"wp-image-291871\"\/><\/figure>\n\n\n\n<p><strong>\u201cO protagonismo de Mina\u00e7u no combate \u00e0 viol\u00eancia contra a mulher\u201d. No texto, ela destacou a sintonia entre os poderes locais e a cria\u00e7\u00e3o de iniciativas como o projeto&nbsp;<em>Mulheres Protegidas<\/em>&nbsp;e a instala\u00e7\u00e3o da primeira Procuradoria da Mulher no munic\u00edpio.<\/strong>https:\/\/www.instagram.com\/reel\/DHo5zsXNIE9\/embed\/captioned\/?cr=1&amp;v=14&amp;wp=540&amp;rd=https%3A%2F%2Fonortedegoias.com.br&amp;rp=%2Fcamara-de-minacu-empossa-ana-lucia-como-procuradora-da-mulher-nenhuma-mulher-esta-sozinha%2F#%7B%22ci%22%3A0%2C%22os%22%3A2656%2C%22ls%22%3A608.8999999910593%2C%22le%22%3A2639.0999999940395%7D<\/p>\n\n\n\n<p><\/p>\n","protected":false},"excerpt":{"rendered":"<p>Mina\u00e7u (GO)&nbsp;\u2014 A vereadora Gilv\u00e2nia M\u00e1rcia, presidente da C\u00e2mara Municipal de Mina\u00e7u, conduziu oficialmente, nesta segunda-feira (4), a posse da vereadora&nbsp;Ana L\u00facia Quintino&nbsp;como presidente da&nbsp;Procuradoria Especial da Mulher&nbsp;na Casa Legislativa. A solenidade tamb\u00e9m marcou a inaugura\u00e7\u00e3o do espa\u00e7o f\u00edsico destinado ao \u00f3rg\u00e3o, que funcionar\u00e1 na sede da C\u00e2mara. Reconhecida pelo trabalho consistente na apresenta\u00e7\u00e3o de [&hellip;]<\/p>\n","protected":false},"author":2,"featured_media":532,"comment_status":"closed","ping_status":"","sticky":false,"template":"","format":"standard","meta":{"pagelayer_contact_templates":[],"_pagelayer_content":"","footnotes":""},"categories":[8],"tags":[],"class_list":["post-531","post","type-post","status-publish","format-standard","has-post-thumbnail","hentry","category-ultimas-noticias"],"_links":{"self":[{"href":"https:\/\/onortedegoias.com.br\/camaraemacao\/wp-json\/wp\/v2\/posts\/531","targetHints":{"allow":["GET"]}}],"collection":[{"href":"https:\/\/onortedegoias.com.br\/camaraemacao\/wp-json\/wp\/v2\/posts"}],"about":[{"href":"https:\/\/onortedegoias.com.br\/camaraemacao\/wp-json\/wp\/v2\/types\/post"}],"author":[{"embeddable":true,"href":"https:\/\/onortedegoias.com.br\/camaraemacao\/wp-json\/wp\/v2\/users\/2"}],"replies":[{"embeddable":true,"href":"https:\/\/onortedegoias.com.br\/camaraemacao\/wp-json\/wp\/v2\/comments?post=531"}],"version-history":[{"count":1,"href":"https:\/\/onortedegoias.com.br\/camaraemacao\/wp-json\/wp\/v2\/posts\/531\/revisions"}],"predecessor-version":[{"id":533,"href":"https:\/\/onortedegoias.com.br\/camaraemacao\/wp-json\/wp\/v2\/posts\/531\/revisions\/533"}],"wp:featuredmedia":[{"embeddable":true,"href":"https:\/\/onortedegoias.com.br\/camaraemacao\/wp-json\/wp\/v2\/media\/532"}],"wp:attachment":[{"href":"https:\/\/onortedegoias.com.br\/camaraemacao\/wp-json\/wp\/v2\/media?parent=531"}],"wp:term":[{"taxonomy":"category","embeddable":true,"href":"https:\/\/onortedegoias.com.br\/camaraemacao\/wp-json\/wp\/v2\/categories?post=531"},{"taxonomy":"post_tag","embeddable":true,"href":"https:\/\/onortedegoias.com.br\/camaraemacao\/wp-json\/wp\/v2\/tags?post=531"}],"curies":[{"name":"wp","href":"https:\/\/api.w.org\/{rel}","templated":true}]}}